{"id":262,"date":"2019-11-11T16:17:38","date_gmt":"2019-11-11T19:17:38","guid":{"rendered":"https:\/\/laplataac.org\/laplataac\/?p=262"},"modified":"2019-11-11T16:20:20","modified_gmt":"2019-11-11T19:20:20","slug":"folletos-laplataac","status":"publish","type":"post","link":"https:\/\/laplataac.org\/laplataac\/folletos-laplataac\/","title":{"rendered":"Folletos LaPlataAC"},"content":{"rendered":"\n<p>Para los eventos de visibilizaci\u00f3n y divulgaci\u00f3n realizados durante el mes de octubre del 2019 junto a DivertidoAlberto en <strong>Corredor Infancias<\/strong> y en <strong>Mis peques artistas<\/strong> , se crearon dos herramientas para hacerlo: un banner con la definici\u00f3n de Altas Capacidades del Min. de Educaci\u00f3n de Naci\u00f3n en su cuadernillo de inclusi\u00f3n educativa, y un folleto, con caracter\u00edsticas de los chicos aportadas por las familias de LaPlataAC en una cara, y en la otra una infograf\u00eda realizada por la Plataforma de Apoyo a las Altas Capacidades, que gentilmente colabor\u00f3 para que contemos con este material para difundirlo.<br><a href=\"https:\/\/plataformaaltascapacidades.es\/\" target=\"_blank\" rel=\"noreferrer noopener\" aria-label=\"https:\/\/plataformaaltascapacidades.es\/ (abre en una nueva pesta\u00f1a)\">https:\/\/plataformaaltascapacidades.es\/<\/a><\/p>\n\n\n\n<figure class=\"wp-block-image\"><img loading=\"lazy\" decoding=\"async\" width=\"485\" height=\"1024\" src=\"https:\/\/laplataac.org\/laplataac\/wp-content\/uploads\/2019\/11\/Banner-Rollup-485x1024.png\" alt=\"\" class=\"wp-image-266\" srcset=\"https:\/\/laplataac.org\/laplataac\/wp-content\/uploads\/2019\/11\/Banner-Rollup-485x1024.png 485w, https:\/\/laplataac.org\/laplataac\/wp-content\/uploads\/2019\/11\/Banner-Rollup-142x300.png 142w, https:\/\/laplataac.org\/laplataac\/wp-content\/uploads\/2019\/11\/Banner-Rollup-768x1621.png 768w\" sizes=\"(max-width: 485px) 100vw, 485px\" \/><\/figure>\n\n\n\n<figure class=\"wp-block-image\"><img loading=\"lazy\" decoding=\"async\" width=\"724\" height=\"1024\" src=\"https:\/\/laplataac.org\/laplataac\/wp-content\/uploads\/2019\/11\/Flyer-v1-Frente-724x1024.png\" alt=\"\" class=\"wp-image-263\" srcset=\"https:\/\/laplataac.org\/laplataac\/wp-content\/uploads\/2019\/11\/Flyer-v1-Frente-724x1024.png 724w, https:\/\/laplataac.org\/laplataac\/wp-content\/uploads\/2019\/11\/Flyer-v1-Frente-212x300.png 212w, https:\/\/laplataac.org\/laplataac\/wp-content\/uploads\/2019\/11\/Flyer-v1-Frente-768x1086.png 768w\" sizes=\"(max-width: 724px) 100vw, 724px\" \/><\/figure>\n\n\n\n<figure class=\"wp-block-image\"><img loading=\"lazy\" decoding=\"async\" width=\"1024\" height=\"724\" src=\"https:\/\/laplataac.org\/laplataac\/wp-content\/uploads\/2019\/11\/Flyer-v1-Reversa_90-1024x724.png\" alt=\"\" class=\"wp-image-264\" srcset=\"https:\/\/laplataac.org\/laplataac\/wp-content\/uploads\/2019\/11\/Flyer-v1-Reversa_90-1024x724.png 1024w, https:\/\/laplataac.org\/laplataac\/wp-content\/uploads\/2019\/11\/Flyer-v1-Reversa_90-300x212.png 300w, https:\/\/laplataac.org\/laplataac\/wp-content\/uploads\/2019\/11\/Flyer-v1-Reversa_90-768x543.png 768w\" sizes=\"(max-width: 767px) 89vw, (max-width: 1000px) 54vw, (max-width: 1071px) 543px, 580px\" \/><\/figure>\n","protected":false},"excerpt":{"rendered":"<p>Para los eventos de visibilizaci\u00f3n y divulgaci\u00f3n realizados durante el mes de octubre del 2019 junto a DivertidoAlberto en Corredor Infancias y en Mis peques artistas , se crearon dos herramientas para hacerlo: un banner con la definici\u00f3n de Altas Capacidades del Min. de Educaci\u00f3n de Naci\u00f3n en su cuadernillo de inclusi\u00f3n educativa, y un &hellip; <\/p>\n<p class=\"link-more\"><a href=\"https:\/\/laplataac.org\/laplataac\/folletos-laplataac\/\" class=\"more-link\">Continuar leyendo<span class=\"screen-reader-text\"> \u00abFolletos LaPlataAC\u00bb<\/span><\/a><\/p>\n","protected":false},"author":1,"featured_media":0,"comment_status":"open","ping_status":"open","sticky":false,"template":"","format":"standard","meta":{"footnotes":""},"categories":[26,8],"tags":[],"_links":{"self":[{"href":"https:\/\/laplataac.org\/laplataac\/wp-json\/wp\/v2\/posts\/262"}],"collection":[{"href":"https:\/\/laplataac.org\/laplataac\/wp-json\/wp\/v2\/posts"}],"about":[{"href":"https:\/\/laplataac.org\/laplataac\/wp-json\/wp\/v2\/types\/post"}],"author":[{"embeddable":true,"href":"https:\/\/laplataac.org\/laplataac\/wp-json\/wp\/v2\/users\/1"}],"replies":[{"embeddable":true,"href":"https:\/\/laplataac.org\/laplataac\/wp-json\/wp\/v2\/comments?post=262"}],"version-history":[{"count":3,"href":"https:\/\/laplataac.org\/laplataac\/wp-json\/wp\/v2\/posts\/262\/revisions"}],"predecessor-version":[{"id":269,"href":"https:\/\/laplataac.org\/laplataac\/wp-json\/wp\/v2\/posts\/262\/revisions\/269"}],"wp:attachment":[{"href":"https:\/\/laplataac.org\/laplataac\/wp-json\/wp\/v2\/media?parent=262"}],"wp:term":[{"taxonomy":"category","embeddable":true,"href":"https:\/\/laplataac.org\/laplataac\/wp-json\/wp\/v2\/categories?post=262"},{"taxonomy":"post_tag","embeddable":true,"href":"https:\/\/laplataac.org\/laplataac\/wp-json\/wp\/v2\/tags?post=262"}],"curies":[{"name":"wp","href":"https:\/\/api.w.org\/{rel}","templated":true}]}}