{"id":224,"date":"2019-11-11T15:54:27","date_gmt":"2019-11-11T18:54:27","guid":{"rendered":"https:\/\/laplataac.org\/laplataac\/?p=224"},"modified":"2019-11-11T16:09:19","modified_gmt":"2019-11-11T19:09:19","slug":"10-de-agosto-del-2019-international-day-of-the-gifted","status":"publish","type":"post","link":"https:\/\/laplataac.org\/laplataac\/10-de-agosto-del-2019-international-day-of-the-gifted\/","title":{"rendered":"10 de Agosto del 2019 \u00abInternational Day of the Gifted\u00bb"},"content":{"rendered":"\n<p><\/p>\n\n\n\n<h4 class=\"wp-block-heading\">Campa\u00f1a de visibilizaci\u00f3n de las Altas Capacidades<\/h4>\n\n\n\n<p>El 10 de agosto de 2011 en Praga, fue celebrado por primera vez el International Day of the Gifted durante la bienal del World Council for Gifted and Talented Children.<\/p>\n\n\n\n<p>Este a\u00f1o, organizaciones de Argentina, Chile, Paraguay y Uruguay tomamos este d\u00eda y nos sumamos a la celebraci\u00f3n, para visibilizar las Altas Capacidades en nuestra regi\u00f3n.<\/p>\n\n\n\n<p>Las organizaciones participantes de esta campa\u00f1a fueron:<\/p>\n\n\n\n<ul><li>ABRAZO ARCOIRIS  &#8211; Apoyo a las Altas Capacidades<\/li><li>Altas Capacidades Comodoro Rivadavia<\/li><li>Altas Capacidades Intelectuales Chile<\/li><li>AHSTUY (Altas Habilidades\/Superdotaci\u00f3n y Talentos de Uruguay)<\/li><li>Asociaci\u00f3n Altas Capacidades Argentina<\/li><li>C.E.D.A.L.P. (Centro para el Desarrollo del Alto Potencial)<\/li><li>Cerebremos Altas Capacidades Intelectuales Rosario<\/li><li>Creaidea &#8211; Ni\u00f1os con ideas en acci\u00f3n<\/li><li>Divertido Alberto, un lugar para compartir ideas<\/li><li>FUPAC (Fundaci\u00f3n Paraguaya de Altas Capacidades)<\/li><li>LaPlataAC (Agrupaci\u00f3n de padres de ni\u00f1os con Altas Capacidades de La Plata)<\/li><\/ul>\n\n\n\n<ul class=\"wp-block-gallery columns-2 is-cropped wp-block-gallery-1 is-layout-flex wp-block-gallery-is-layout-flex\"><li class=\"blocks-gallery-item\"><figure><img loading=\"lazy\" decoding=\"async\" width=\"800\" height=\"800\" src=\"https:\/\/laplataac.org\/laplataac\/wp-content\/uploads\/2019\/11\/1.png\" alt=\"\" data-id=\"225\" data-link=\"https:\/\/laplataac.org\/laplataac\/?attachment_id=225\" class=\"wp-image-225\" srcset=\"https:\/\/laplataac.org\/laplataac\/wp-content\/uploads\/2019\/11\/1.png 800w, https:\/\/laplataac.org\/laplataac\/wp-content\/uploads\/2019\/11\/1-150x150.png 150w, https:\/\/laplataac.org\/laplataac\/wp-content\/uploads\/2019\/11\/1-300x300.png 300w, https:\/\/laplataac.org\/laplataac\/wp-content\/uploads\/2019\/11\/1-768x768.png 768w, https:\/\/laplataac.org\/laplataac\/wp-content\/uploads\/2019\/11\/1-100x100.png 100w\" sizes=\"(max-width: 767px) 89vw, (max-width: 1000px) 54vw, (max-width: 1071px) 543px, 580px\" \/><\/figure><\/li><li class=\"blocks-gallery-item\"><figure><img loading=\"lazy\" decoding=\"async\" width=\"800\" height=\"800\" src=\"https:\/\/laplataac.org\/laplataac\/wp-content\/uploads\/2019\/11\/2.png\" alt=\"\" data-id=\"226\" data-link=\"https:\/\/laplataac.org\/laplataac\/?attachment_id=226\" class=\"wp-image-226\" srcset=\"https:\/\/laplataac.org\/laplataac\/wp-content\/uploads\/2019\/11\/2.png 800w, https:\/\/laplataac.org\/laplataac\/wp-content\/uploads\/2019\/11\/2-150x150.png 150w, https:\/\/laplataac.org\/laplataac\/wp-content\/uploads\/2019\/11\/2-300x300.png 300w, https:\/\/laplataac.org\/laplataac\/wp-content\/uploads\/2019\/11\/2-768x768.png 768w, https:\/\/laplataac.org\/laplataac\/wp-content\/uploads\/2019\/11\/2-100x100.png 100w\" sizes=\"(max-width: 767px) 89vw, (max-width: 1000px) 54vw, (max-width: 1071px) 543px, 580px\" \/><\/figure><\/li><\/ul>\n\n\n\n<ul class=\"wp-block-gallery columns-2 is-cropped wp-block-gallery-2 is-layout-flex wp-block-gallery-is-layout-flex\"><li class=\"blocks-gallery-item\"><figure><img loading=\"lazy\" decoding=\"async\" width=\"1024\" height=\"640\" src=\"https:\/\/laplataac.org\/laplataac\/wp-content\/uploads\/2019\/11\/1280px-Flag_of_Argentina-1024x640.png\" alt=\"\" data-id=\"243\" data-link=\"https:\/\/laplataac.org\/laplataac\/10-de-agosto-del-2019-international-day-of-the-gifted\/1280px-flag_of_argentina\/\" class=\"wp-image-243\" srcset=\"https:\/\/laplataac.org\/laplataac\/wp-content\/uploads\/2019\/11\/1280px-Flag_of_Argentina-1024x640.png 1024w, https:\/\/laplataac.org\/laplataac\/wp-content\/uploads\/2019\/11\/1280px-Flag_of_Argentina-300x188.png 300w, https:\/\/laplataac.org\/laplataac\/wp-content\/uploads\/2019\/11\/1280px-Flag_of_Argentina-768x480.png 768w, https:\/\/laplataac.org\/laplataac\/wp-content\/uploads\/2019\/11\/1280px-Flag_of_Argentina.png 1280w\" sizes=\"(max-width: 767px) 89vw, (max-width: 1000px) 54vw, (max-width: 1071px) 543px, 580px\" \/><\/figure><\/li><li class=\"blocks-gallery-item\"><figure><img loading=\"lazy\" decoding=\"async\" width=\"1024\" height=\"683\" src=\"https:\/\/laplataac.org\/laplataac\/wp-content\/uploads\/2019\/11\/1024px-Flag_of_Chile-1024x683.png\" alt=\"\" data-id=\"241\" data-link=\"https:\/\/laplataac.org\/laplataac\/10-de-agosto-del-2019-international-day-of-the-gifted\/1024px-flag_of_chile\/\" class=\"wp-image-241\" srcset=\"https:\/\/laplataac.org\/laplataac\/wp-content\/uploads\/2019\/11\/1024px-Flag_of_Chile.png 1024w, https:\/\/laplataac.org\/laplataac\/wp-content\/uploads\/2019\/11\/1024px-Flag_of_Chile-300x200.png 300w, https:\/\/laplataac.org\/laplataac\/wp-content\/uploads\/2019\/11\/1024px-Flag_of_Chile-768x512.png 768w\" sizes=\"(max-width: 767px) 89vw, (max-width: 1000px) 54vw, (max-width: 1071px) 543px, 580px\" \/><\/figure><\/li><\/ul>\n\n\n\n<ul class=\"wp-block-gallery columns-2 is-cropped wp-block-gallery-3 is-layout-flex wp-block-gallery-is-layout-flex\"><li class=\"blocks-gallery-item\"><figure><img loading=\"lazy\" decoding=\"async\" width=\"1024\" height=\"563\" src=\"https:\/\/laplataac.org\/laplataac\/wp-content\/uploads\/2019\/11\/1280px-Flag_of_Paraguay-1024x563.png\" alt=\"\" data-id=\"244\" data-link=\"https:\/\/laplataac.org\/laplataac\/10-de-agosto-del-2019-international-day-of-the-gifted\/1280px-flag_of_paraguay\/\" class=\"wp-image-244\" srcset=\"https:\/\/laplataac.org\/laplataac\/wp-content\/uploads\/2019\/11\/1280px-Flag_of_Paraguay-1024x563.png 1024w, https:\/\/laplataac.org\/laplataac\/wp-content\/uploads\/2019\/11\/1280px-Flag_of_Paraguay-300x165.png 300w, https:\/\/laplataac.org\/laplataac\/wp-content\/uploads\/2019\/11\/1280px-Flag_of_Paraguay-768x422.png 768w, https:\/\/laplataac.org\/laplataac\/wp-content\/uploads\/2019\/11\/1280px-Flag_of_Paraguay.png 1280w\" sizes=\"(max-width: 767px) 89vw, (max-width: 1000px) 54vw, (max-width: 1071px) 543px, 580px\" \/><\/figure><\/li><li class=\"blocks-gallery-item\"><figure><img loading=\"lazy\" decoding=\"async\" width=\"1024\" height=\"683\" src=\"https:\/\/laplataac.org\/laplataac\/wp-content\/uploads\/2019\/11\/1024px-Flag_of_Uruguay-1024x683.png\" alt=\"\" data-id=\"242\" data-link=\"https:\/\/laplataac.org\/laplataac\/10-de-agosto-del-2019-international-day-of-the-gifted\/1024px-flag_of_uruguay\/\" class=\"wp-image-242\" srcset=\"https:\/\/laplataac.org\/laplataac\/wp-content\/uploads\/2019\/11\/1024px-Flag_of_Uruguay.png 1024w, https:\/\/laplataac.org\/laplataac\/wp-content\/uploads\/2019\/11\/1024px-Flag_of_Uruguay-300x200.png 300w, https:\/\/laplataac.org\/laplataac\/wp-content\/uploads\/2019\/11\/1024px-Flag_of_Uruguay-768x512.png 768w\" sizes=\"(max-width: 767px) 89vw, (max-width: 1000px) 54vw, (max-width: 1071px) 543px, 580px\" \/><\/figure><\/li><\/ul>\n\n\n\n<ul class=\"wp-block-gallery columns-3 is-cropped wp-block-gallery-4 is-layout-flex wp-block-gallery-is-layout-flex\"><li class=\"blocks-gallery-item\"><figure><img loading=\"lazy\" decoding=\"async\" width=\"225\" height=\"225\" src=\"https:\/\/laplataac.org\/laplataac\/wp-content\/uploads\/2019\/11\/Abrazo-Arcoiris-1.jpeg\" alt=\"\" data-id=\"246\" data-link=\"https:\/\/laplataac.org\/laplataac\/10-de-agosto-del-2019-international-day-of-the-gifted\/abrazo-arcoiris-1\/\" class=\"wp-image-246\" srcset=\"https:\/\/laplataac.org\/laplataac\/wp-content\/uploads\/2019\/11\/Abrazo-Arcoiris-1.jpeg 225w, https:\/\/laplataac.org\/laplataac\/wp-content\/uploads\/2019\/11\/Abrazo-Arcoiris-1-150x150.jpeg 150w, https:\/\/laplataac.org\/laplataac\/wp-content\/uploads\/2019\/11\/Abrazo-Arcoiris-1-100x100.jpeg 100w\" sizes=\"(max-width: 225px) 100vw, 225px\" \/><\/figure><\/li><li class=\"blocks-gallery-item\"><figure><img loading=\"lazy\" decoding=\"async\" width=\"720\" height=\"720\" src=\"https:\/\/laplataac.org\/laplataac\/wp-content\/uploads\/2019\/11\/AC-Comodoro-Chubut-1.jpg\" alt=\"\" data-id=\"247\" data-link=\"https:\/\/laplataac.org\/laplataac\/10-de-agosto-del-2019-international-day-of-the-gifted\/ac-comodoro-chubut-1\/\" class=\"wp-image-247\" srcset=\"https:\/\/laplataac.org\/laplataac\/wp-content\/uploads\/2019\/11\/AC-Comodoro-Chubut-1.jpg 720w, https:\/\/laplataac.org\/laplataac\/wp-content\/uploads\/2019\/11\/AC-Comodoro-Chubut-1-150x150.jpg 150w, https:\/\/laplataac.org\/laplataac\/wp-content\/uploads\/2019\/11\/AC-Comodoro-Chubut-1-300x300.jpg 300w, https:\/\/laplataac.org\/laplataac\/wp-content\/uploads\/2019\/11\/AC-Comodoro-Chubut-1-100x100.jpg 100w\" sizes=\"(max-width: 720px) 100vw, 720px\" \/><\/figure><\/li><li class=\"blocks-gallery-item\"><figure><img loading=\"lazy\" decoding=\"async\" width=\"800\" height=\"800\" src=\"https:\/\/laplataac.org\/laplataac\/wp-content\/uploads\/2019\/11\/ACIChile.jpeg\" alt=\"\" data-id=\"248\" data-link=\"https:\/\/laplataac.org\/laplataac\/10-de-agosto-del-2019-international-day-of-the-gifted\/acichile\/\" class=\"wp-image-248\" srcset=\"https:\/\/laplataac.org\/laplataac\/wp-content\/uploads\/2019\/11\/ACIChile.jpeg 800w, https:\/\/laplataac.org\/laplataac\/wp-content\/uploads\/2019\/11\/ACIChile-150x150.jpeg 150w, https:\/\/laplataac.org\/laplataac\/wp-content\/uploads\/2019\/11\/ACIChile-300x300.jpeg 300w, https:\/\/laplataac.org\/laplataac\/wp-content\/uploads\/2019\/11\/ACIChile-768x768.jpeg 768w, https:\/\/laplataac.org\/laplataac\/wp-content\/uploads\/2019\/11\/ACIChile-100x100.jpeg 100w\" sizes=\"(max-width: 767px) 89vw, (max-width: 1000px) 54vw, (max-width: 1071px) 543px, 580px\" \/><\/figure><\/li><li class=\"blocks-gallery-item\"><figure><img loading=\"lazy\" decoding=\"async\" width=\"640\" height=\"634\" src=\"https:\/\/laplataac.org\/laplataac\/wp-content\/uploads\/2019\/11\/ahstuy-1.jpeg\" alt=\"\" data-id=\"249\" data-link=\"https:\/\/laplataac.org\/laplataac\/10-de-agosto-del-2019-international-day-of-the-gifted\/ahstuy-1\/\" class=\"wp-image-249\" srcset=\"https:\/\/laplataac.org\/laplataac\/wp-content\/uploads\/2019\/11\/ahstuy-1.jpeg 640w, https:\/\/laplataac.org\/laplataac\/wp-content\/uploads\/2019\/11\/ahstuy-1-150x150.jpeg 150w, https:\/\/laplataac.org\/laplataac\/wp-content\/uploads\/2019\/11\/ahstuy-1-300x297.jpeg 300w, https:\/\/laplataac.org\/laplataac\/wp-content\/uploads\/2019\/11\/ahstuy-1-100x100.jpeg 100w\" sizes=\"(max-width: 640px) 100vw, 640px\" \/><\/figure><\/li><li class=\"blocks-gallery-item\"><figure><img loading=\"lazy\" decoding=\"async\" width=\"239\" height=\"234\" src=\"https:\/\/laplataac.org\/laplataac\/wp-content\/uploads\/2019\/11\/Embajadores-1.png\" alt=\"\" data-id=\"259\" data-link=\"https:\/\/laplataac.org\/laplataac\/10-de-agosto-del-2019-international-day-of-the-gifted\/embajadores-1\/\" class=\"wp-image-259\"\/><\/figure><\/li><li class=\"blocks-gallery-item\"><figure><img loading=\"lazy\" decoding=\"async\" width=\"130\" height=\"130\" src=\"https:\/\/laplataac.org\/laplataac\/wp-content\/uploads\/2019\/11\/Cedalp_logo-2.jpeg\" alt=\"\" data-id=\"260\" data-link=\"https:\/\/laplataac.org\/laplataac\/10-de-agosto-del-2019-international-day-of-the-gifted\/cedalp_logo-2\/\" class=\"wp-image-260\" srcset=\"https:\/\/laplataac.org\/laplataac\/wp-content\/uploads\/2019\/11\/Cedalp_logo-2.jpeg 130w, https:\/\/laplataac.org\/laplataac\/wp-content\/uploads\/2019\/11\/Cedalp_logo-2-100x100.jpeg 100w\" sizes=\"(max-width: 130px) 100vw, 130px\" \/><\/figure><\/li><\/ul>\n\n\n\n<ul class=\"wp-block-gallery columns-3 is-cropped wp-block-gallery-5 is-layout-flex wp-block-gallery-is-layout-flex\"><li class=\"blocks-gallery-item\"><figure><img loading=\"lazy\" decoding=\"async\" width=\"800\" height=\"800\" src=\"https:\/\/laplataac.org\/laplataac\/wp-content\/uploads\/2019\/11\/Cerebremos-Rosario.jpg\" alt=\"\" data-id=\"234\" data-link=\"https:\/\/laplataac.org\/laplataac\/10-de-agosto-del-2019-international-day-of-the-gifted\/cerebremos-rosario\/\" class=\"wp-image-234\" srcset=\"https:\/\/laplataac.org\/laplataac\/wp-content\/uploads\/2019\/11\/Cerebremos-Rosario.jpg 800w, https:\/\/laplataac.org\/laplataac\/wp-content\/uploads\/2019\/11\/Cerebremos-Rosario-150x150.jpg 150w, https:\/\/laplataac.org\/laplataac\/wp-content\/uploads\/2019\/11\/Cerebremos-Rosario-300x300.jpg 300w, https:\/\/laplataac.org\/laplataac\/wp-content\/uploads\/2019\/11\/Cerebremos-Rosario-768x768.jpg 768w, https:\/\/laplataac.org\/laplataac\/wp-content\/uploads\/2019\/11\/Cerebremos-Rosario-100x100.jpg 100w\" sizes=\"(max-width: 767px) 89vw, (max-width: 1000px) 54vw, (max-width: 1071px) 543px, 580px\" \/><\/figure><\/li><li class=\"blocks-gallery-item\"><figure><img loading=\"lazy\" decoding=\"async\" width=\"1024\" height=\"1024\" src=\"https:\/\/laplataac.org\/laplataac\/wp-content\/uploads\/2019\/11\/CreaideaFlyer-1-1024x1024.jpeg\" alt=\"\" data-id=\"252\" data-link=\"https:\/\/laplataac.org\/laplataac\/10-de-agosto-del-2019-international-day-of-the-gifted\/creaideaflyer-1\/\" class=\"wp-image-252\" srcset=\"https:\/\/laplataac.org\/laplataac\/wp-content\/uploads\/2019\/11\/CreaideaFlyer-1-1024x1024.jpeg 1024w, https:\/\/laplataac.org\/laplataac\/wp-content\/uploads\/2019\/11\/CreaideaFlyer-1-150x150.jpeg 150w, https:\/\/laplataac.org\/laplataac\/wp-content\/uploads\/2019\/11\/CreaideaFlyer-1-300x300.jpeg 300w, https:\/\/laplataac.org\/laplataac\/wp-content\/uploads\/2019\/11\/CreaideaFlyer-1-768x768.jpeg 768w, https:\/\/laplataac.org\/laplataac\/wp-content\/uploads\/2019\/11\/CreaideaFlyer-1-100x100.jpeg 100w, https:\/\/laplataac.org\/laplataac\/wp-content\/uploads\/2019\/11\/CreaideaFlyer-1.jpeg 1280w\" sizes=\"(max-width: 767px) 89vw, (max-width: 1000px) 54vw, (max-width: 1071px) 543px, 580px\" \/><\/figure><\/li><li class=\"blocks-gallery-item\"><figure><img loading=\"lazy\" decoding=\"async\" width=\"400\" height=\"400\" src=\"https:\/\/laplataac.org\/laplataac\/wp-content\/uploads\/2019\/11\/DivertidoAlberto.jpg\" alt=\"\" data-id=\"253\" data-link=\"https:\/\/laplataac.org\/laplataac\/10-de-agosto-del-2019-international-day-of-the-gifted\/divertidoalberto\/\" class=\"wp-image-253\" srcset=\"https:\/\/laplataac.org\/laplataac\/wp-content\/uploads\/2019\/11\/DivertidoAlberto.jpg 400w, https:\/\/laplataac.org\/laplataac\/wp-content\/uploads\/2019\/11\/DivertidoAlberto-150x150.jpg 150w, https:\/\/laplataac.org\/laplataac\/wp-content\/uploads\/2019\/11\/DivertidoAlberto-300x300.jpg 300w, https:\/\/laplataac.org\/laplataac\/wp-content\/uploads\/2019\/11\/DivertidoAlberto-100x100.jpg 100w\" sizes=\"(max-width: 400px) 100vw, 400px\" \/><\/figure><\/li><\/ul>\n\n\n\n<ul class=\"wp-block-gallery columns-0 is-cropped wp-block-gallery-6 is-layout-flex wp-block-gallery-is-layout-flex\"><\/ul>\n","protected":false},"excerpt":{"rendered":"<p>Campa\u00f1a de visibilizaci\u00f3n de las Altas Capacidades El 10 de agosto de 2011 en Praga, fue celebrado por primera vez el International Day of the Gifted durante la bienal del World Council for Gifted and Talented Children. Este a\u00f1o, organizaciones de Argentina, Chile, Paraguay y Uruguay tomamos este d\u00eda y nos sumamos a la celebraci\u00f3n, &hellip; <\/p>\n<p class=\"link-more\"><a href=\"https:\/\/laplataac.org\/laplataac\/10-de-agosto-del-2019-international-day-of-the-gifted\/\" class=\"more-link\">Continuar leyendo<span class=\"screen-reader-text\"> \u00ab10 de Agosto del 2019 \u00abInternational Day of the Gifted\u00bb\u00bb<\/span><\/a><\/p>\n","protected":false},"author":1,"featured_media":0,"comment_status":"open","ping_status":"open","sticky":false,"template":"","format":"standard","meta":{"footnotes":""},"categories":[26,8],"tags":[],"_links":{"self":[{"href":"https:\/\/laplataac.org\/laplataac\/wp-json\/wp\/v2\/posts\/224"}],"collection":[{"href":"https:\/\/laplataac.org\/laplataac\/wp-json\/wp\/v2\/posts"}],"about":[{"href":"https:\/\/laplataac.org\/laplataac\/wp-json\/wp\/v2\/types\/post"}],"author":[{"embeddable":true,"href":"https:\/\/laplataac.org\/laplataac\/wp-json\/wp\/v2\/users\/1"}],"replies":[{"embeddable":true,"href":"https:\/\/laplataac.org\/laplataac\/wp-json\/wp\/v2\/comments?post=224"}],"version-history":[{"count":4,"href":"https:\/\/laplataac.org\/laplataac\/wp-json\/wp\/v2\/posts\/224\/revisions"}],"predecessor-version":[{"id":261,"href":"https:\/\/laplataac.org\/laplataac\/wp-json\/wp\/v2\/posts\/224\/revisions\/261"}],"wp:attachment":[{"href":"https:\/\/laplataac.org\/laplataac\/wp-json\/wp\/v2\/media?parent=224"}],"wp:term":[{"taxonomy":"category","embeddable":true,"href":"https:\/\/laplataac.org\/laplataac\/wp-json\/wp\/v2\/categories?post=224"},{"taxonomy":"post_tag","embeddable":true,"href":"https:\/\/laplataac.org\/laplataac\/wp-json\/wp\/v2\/tags?post=224"}],"curies":[{"name":"wp","href":"https:\/\/api.w.org\/{rel}","templated":true}]}}