{"id":204,"date":"2019-11-08T12:59:58","date_gmt":"2019-11-08T15:59:58","guid":{"rendered":"https:\/\/laplataac.org\/laplataac\/?p=204"},"modified":"2019-11-08T13:08:25","modified_gmt":"2019-11-08T16:08:25","slug":"informe-templeton","status":"publish","type":"post","link":"https:\/\/laplataac.org\/laplataac\/informe-templeton\/","title":{"rendered":"Informe Templeton"},"content":{"rendered":"\n<h3 class=\"wp-block-heading\">Una Naci\u00f3n Enga\u00f1ada: De qu\u00e9 forma las escuelas reprimen a los estudiantes m\u00e1s brillantes de los Estados Unidos.<\/h3>\n\n\n\n<div class=\"wp-block-file\"><a href=\"https:\/\/laplataac.org\/laplataac\/wp-content\/uploads\/2019\/11\/ND_v1_es.pdf\">Volumen 1<\/a><a href=\"https:\/\/laplataac.org\/laplataac\/wp-content\/uploads\/2019\/11\/ND_v1_es.pdf\" class=\"wp-block-file__button\" download>Descarga<\/a><\/div>\n\n\n\n<div class=\"wp-block-file\"><a href=\"https:\/\/laplataac.org\/laplataac\/wp-content\/uploads\/2019\/11\/ND_v2.pdf\">Volumen 2<\/a><a href=\"https:\/\/laplataac.org\/laplataac\/wp-content\/uploads\/2019\/11\/ND_v2.pdf\" class=\"wp-block-file__button\" download>Descarga<\/a><\/div>\n\n\n\n<h4 class=\"wp-block-heading\">Enlaces &#8211; Referencias<\/h4>\n\n\n\n<ul><li><a href=\"https:\/\/www.templeton.org\/es\/\">https:\/\/www.templeton.org\/es\/<\/a><\/li><li><a href=\"https:\/\/belinblank.education.uiowa.edu\/\">https:\/\/belinblank.education.uiowa.edu\/<\/a><\/li><li><a href=\"http:\/\/www.accelerationinstitute.org\/\">http:\/\/www.accelerationinstitute.org\/<\/a><\/li><\/ul>\n\n\n\n<hr class=\"wp-block-separator\"\/>\n\n\n\n<blockquote class=\"wp-block-quote\"><p>Era el a\u00f1o 2004 cuando el&nbsp;<a rel=\"noreferrer noopener\" href=\"http:\/\/www.education.uiowa.edu\/centers\/belinblank\/home\" target=\"_blank\">Belin-Blank Center<\/a>&nbsp;de la Universidad de Iowa public\u00f3 un informe financiado por la Fundaci\u00f3n Templeton que que tuvo una extraordinaria repercusi\u00f3n, al menos&#8230;<\/p><cite><a href=\"https:\/\/www.javiertouron.es\/la-aceleracion-una-nacion-enganada-6\/\" target=\"_blank\" rel=\"noreferrer noopener\" aria-label=\" (abre en una nueva pesta\u00f1a)\">https:\/\/www.javiertouron.es\/la-aceleracion-una-nacion-enganada-6\/<\/a><\/cite><\/blockquote>\n\n\n\n<hr class=\"wp-block-separator\"\/>\n\n\n\n<blockquote class=\"wp-block-quote\"><p>En mayo de 2003 se realiz\u00f3 una conferencia sobre aceleraci\u00f3n educativa en\u00a0<a href=\"https:\/\/uiowa.edu\/\">The University of Iowa<\/a>\u00a0con especialistas de todo EE.UU., financiada por la\u00a0<a href=\"https:\/\/www.templeton.org\/es\/\">John Templeton Foundation<\/a>. El objetivo fue buscar las mejores soluciones educativas para los alumnos de altas capacidades y establecer un consenso sobre&#8230;<\/p><cite><a href=\"http:\/\/www.altascapacidadesytalentos.com\/aceleracion-educativa-en-alumnos-con-altas-capacidades\/\">http:\/\/www.altascapacidadesytalentos.com\/aceleracion-educativa-en-alumnos-con-altas-capacidades\/<\/a><\/cite><\/blockquote>\n\n\n<a href=\"https:\/\/laplataac.org\/laplataac\/wp-content\/uploads\/2019\/11\/ND_v1_es.pdf\" class=\"pdfemb-viewer\" style=\"\" data-width=\"max\" data-height=\"max\"  data-toolbar=\"top\" data-toolbar-fixed=\"on\">ND_v1_es<br\/><\/a>\n<p class=\"wp-block-pdfemb-pdf-embedder-viewer\"><\/p>\n\n\n<a href=\"https:\/\/laplataac.org\/laplataac\/wp-content\/uploads\/2019\/11\/ND_v2.pdf\" class=\"pdfemb-viewer\" style=\"\" data-width=\"max\" data-height=\"max\"  data-toolbar=\"top\" data-toolbar-fixed=\"on\">ND_v2<br\/><\/a>\n<p class=\"wp-block-pdfemb-pdf-embedder-viewer\"><\/p>\n","protected":false},"excerpt":{"rendered":"<p>Una Naci\u00f3n Enga\u00f1ada: De qu\u00e9 forma las escuelas reprimen a los estudiantes m\u00e1s brillantes de los Estados Unidos. Enlaces &#8211; Referencias https:\/\/www.templeton.org\/es\/ https:\/\/belinblank.education.uiowa.edu\/ http:\/\/www.accelerationinstitute.org\/ Era el a\u00f1o 2004 cuando el&nbsp;Belin-Blank Center&nbsp;de la Universidad de Iowa public\u00f3 un informe financiado por la Fundaci\u00f3n Templeton que que tuvo una extraordinaria repercusi\u00f3n, al menos&#8230; https:\/\/www.javiertouron.es\/la-aceleracion-una-nacion-enganada-6\/ En mayo de &hellip; <\/p>\n<p class=\"link-more\"><a href=\"https:\/\/laplataac.org\/laplataac\/informe-templeton\/\" class=\"more-link\">Continuar leyendo<span class=\"screen-reader-text\"> \u00abInforme Templeton\u00bb<\/span><\/a><\/p>\n","protected":false},"author":1,"featured_media":0,"comment_status":"open","ping_status":"open","sticky":false,"template":"","format":"standard","meta":{"footnotes":""},"categories":[8,21],"tags":[],"_links":{"self":[{"href":"https:\/\/laplataac.org\/laplataac\/wp-json\/wp\/v2\/posts\/204"}],"collection":[{"href":"https:\/\/laplataac.org\/laplataac\/wp-json\/wp\/v2\/posts"}],"about":[{"href":"https:\/\/laplataac.org\/laplataac\/wp-json\/wp\/v2\/types\/post"}],"author":[{"embeddable":true,"href":"https:\/\/laplataac.org\/laplataac\/wp-json\/wp\/v2\/users\/1"}],"replies":[{"embeddable":true,"href":"https:\/\/laplataac.org\/laplataac\/wp-json\/wp\/v2\/comments?post=204"}],"version-history":[{"count":6,"href":"https:\/\/laplataac.org\/laplataac\/wp-json\/wp\/v2\/posts\/204\/revisions"}],"predecessor-version":[{"id":213,"href":"https:\/\/laplataac.org\/laplataac\/wp-json\/wp\/v2\/posts\/204\/revisions\/213"}],"wp:attachment":[{"href":"https:\/\/laplataac.org\/laplataac\/wp-json\/wp\/v2\/media?parent=204"}],"wp:term":[{"taxonomy":"category","embeddable":true,"href":"https:\/\/laplataac.org\/laplataac\/wp-json\/wp\/v2\/categories?post=204"},{"taxonomy":"post_tag","embeddable":true,"href":"https:\/\/laplataac.org\/laplataac\/wp-json\/wp\/v2\/tags?post=204"}],"curies":[{"name":"wp","href":"https:\/\/api.w.org\/{rel}","templated":true}]}}